{"id":2441,"date":"2024-08-27T18:30:14","date_gmt":"2024-08-27T18:30:14","guid":{"rendered":"https:\/\/tsvwesslingen.de\/?p=2441"},"modified":"2024-09-04T21:08:07","modified_gmt":"2024-09-04T21:08:07","slug":"abteilung-freizeitsport-fitnesstraining-gymnastik-maenner","status":"publish","type":"post","link":"https:\/\/tsvwesslingen.de\/?p=2441","title":{"rendered":"Abteilung Freizeitsport Fitnesstraining &#8211; Gymnastik -M\u00e4nner"},"content":{"rendered":"\n<p><strong>Fr\u00fchjahr und Sommerrunde Fitnesstraining\/ Gymnastik M\u00e4nner<\/strong><\/p>\n\n\n\n<p>Im M\u00e4rz, Skiausfahrt nach Warth, Schneelage 2-3 Meter, Sonne pur, es war toll.<\/p>\n\n\n\n<p>Wandern, jeden zweiten Dienstag im Monat, auf des Schuster Rappen unterwegs. Routen zwischen 12 und 15 km, unter der kundigen F\u00fchrung von Alex Frey werden rund um Stuttgart, im Schurwald, auf den Fildern und im Remstal, neue Wanderrouten erschlossen, klasse.<\/p>\n\n\n\n<p>Nat\u00fcrlich wird nicht nur Ski gefahren und gewandert, neu 2024 im Programm, Radtouren. Die Anlaufprobleme, Regen, Termine usw. hemmten die Koordination der Touren, sind Geschichte, dank den besseren Wetterbedingungen. Es l\u00e4uft, beziehungsweise die R\u00e4der rollen. Rund 70 km, im Remstal, Filstal, am Rande der Alb, im Nordschwarzwald, spulen die Pedaleure locker ab. Jeder kann Streckenvorschl\u00e4ge einbringen, damit leistungsbezogen abwechslungsreiche Ausfahrten stattfinden.<\/p>\n\n\n\n<p><strong>Grillabend immer am Beginn der Sommerferien<\/strong><\/p>\n\n\n\n<p>Grillen bei Alex im Garten, bestens mitorganisiert von Hannes B\u00f6hrsch, der f\u00fcr das Zelt und den Aufbau sorgte, so dass wir dem Regen trotzen konnten. Grillgut Selbstversorger, Getr\u00e4nke von Alex, wie immer bestens organisiert. Geschichten \u00fcber die Fitnessgruppe wurde zum Besten gegeben, es war ein kurzweiliger und gelungener Abend. Lieber Alex und Hannes, vielen Dank f\u00fcr die Einladung und Organisation.<\/p>\n\n\n\n<p>Donnerstag, ab 20.00 Uhr, Gymnastik und Fitnesstraining, unter Anleitung von Harald Kernst in der Hohenkreuzturnhalle. In den Sommerferien geht&#8217;s auf dem Sportplatz rund, Kondition\u00ad und Fitnesstraining. Wer also, liebe Leser (M\u00e4nner ab 55) Lust auf Fitness und Gymnastik hat, ist bei uns herzlich willkommen. Zusatzangebote: Wandern, jeden 2. Dienstag im Monat, Fahrrad Ausfahrten und Skiwochenende.<\/p>\n\n\n\n<p>Carlo<\/p>\n\n\n\n<figure class=\"wp-block-image size-full\"><img fetchpriority=\"high\" decoding=\"async\" width=\"2048\" height=\"1536\" src=\"https:\/\/tsvwesslingen.de\/wp-content\/uploads\/2024\/08\/Wanderer-an-der-Kneipanlage-Juliusquelle-in-Winterbach.jpeg\" alt=\"Abteilung Freizeitsport Fitnesstraining - Gymnastik -M\u00e4nner\" class=\"wp-image-2442\" srcset=\"https:\/\/tsvwesslingen.de\/wp-content\/uploads\/2024\/08\/Wanderer-an-der-Kneipanlage-Juliusquelle-in-Winterbach.jpeg 2048w, https:\/\/tsvwesslingen.de\/wp-content\/uploads\/2024\/08\/Wanderer-an-der-Kneipanlage-Juliusquelle-in-Winterbach-300x225.jpeg 300w, https:\/\/tsvwesslingen.de\/wp-content\/uploads\/2024\/08\/Wanderer-an-der-Kneipanlage-Juliusquelle-in-Winterbach-768x576.jpeg 768w, https:\/\/tsvwesslingen.de\/wp-content\/uploads\/2024\/08\/Wanderer-an-der-Kneipanlage-Juliusquelle-in-Winterbach-1536x1152.jpeg 1536w, https:\/\/tsvwesslingen.de\/wp-content\/uploads\/2024\/08\/Wanderer-an-der-Kneipanlage-Juliusquelle-in-Winterbach-570x428.jpeg 570w\" sizes=\"(max-width: 2048px) 100vw, 2048px\" \/><\/figure>\n\n\n<p>Kneipanlage Juliusquelle in Winterbach<\/p>\n\n\n<figure class=\"wp-block-image size-full\"><img decoding=\"async\" width=\"2560\" height=\"1920\" src=\"https:\/\/tsvwesslingen.de\/wp-content\/uploads\/2024\/09\/Maennergymnastik-Radler-scaled.jpg\" alt=\"Abteilung Freizeitsport Fitnesstraining - Gymnastik -M\u00e4nner\" class=\"wp-image-2448\" srcset=\"https:\/\/tsvwesslingen.de\/wp-content\/uploads\/2024\/09\/Maennergymnastik-Radler-scaled.jpg 2560w, https:\/\/tsvwesslingen.de\/wp-content\/uploads\/2024\/09\/Maennergymnastik-Radler-300x225.jpg 300w, https:\/\/tsvwesslingen.de\/wp-content\/uploads\/2024\/09\/Maennergymnastik-Radler-768x576.jpg 768w, https:\/\/tsvwesslingen.de\/wp-content\/uploads\/2024\/09\/Maennergymnastik-Radler-1536x1152.jpg 1536w, https:\/\/tsvwesslingen.de\/wp-content\/uploads\/2024\/09\/Maennergymnastik-Radler-2048x1536.jpg 2048w, https:\/\/tsvwesslingen.de\/wp-content\/uploads\/2024\/09\/Maennergymnastik-Radler-570x428.jpg 570w\" sizes=\"(max-width: 2560px) 100vw, 2560px\" \/><\/figure>\n\n\n<p><span style=\"font-size: small;\">Radler Gruppe auf Tour, in der Eselsm\u00fchle<\/span><\/p>","protected":false},"excerpt":{"rendered":"<p>Fr\u00fchjahr und Sommerrunde Fitnesstraining\/ Gymnastik M\u00e4nner Im M\u00e4rz, Skiausfahrt nach Warth, Schneelage 2-3 Meter, Sonne pur, es war toll. Wandern, jeden zweiten Dienstag im Monat, auf des Schuster Rappen unterwegs. Routen zwischen 12 und 15 km, unter der kundigen F\u00fchrung von Alex Frey werden rund um Stuttgart, im Schurwald, auf den Fildern und im Remstal, [&hellip;]<\/p>\n","protected":false},"author":10,"featured_media":0,"comment_status":"closed","ping_status":"closed","sticky":false,"template":"","format":"standard","meta":{"footnotes":""},"categories":[4,12],"tags":[],"class_list":{"0":"post-2441","1":"post","2":"type-post","3":"status-publish","4":"format-standard","6":"category-aktuelles","7":"category-aa-hauptseite","8":"czr-hentry"},"_links":{"self":[{"href":"https:\/\/tsvwesslingen.de\/index.php?rest_route=\/wp\/v2\/posts\/2441","targetHints":{"allow":["GET"]}}],"collection":[{"href":"https:\/\/tsvwesslingen.de\/index.php?rest_route=\/wp\/v2\/posts"}],"about":[{"href":"https:\/\/tsvwesslingen.de\/index.php?rest_route=\/wp\/v2\/types\/post"}],"author":[{"embeddable":true,"href":"https:\/\/tsvwesslingen.de\/index.php?rest_route=\/wp\/v2\/users\/10"}],"replies":[{"embeddable":true,"href":"https:\/\/tsvwesslingen.de\/index.php?rest_route=%2Fwp%2Fv2%2Fcomments&post=2441"}],"version-history":[{"count":3,"href":"https:\/\/tsvwesslingen.de\/index.php?rest_route=\/wp\/v2\/posts\/2441\/revisions"}],"predecessor-version":[{"id":2449,"href":"https:\/\/tsvwesslingen.de\/index.php?rest_route=\/wp\/v2\/posts\/2441\/revisions\/2449"}],"wp:attachment":[{"href":"https:\/\/tsvwesslingen.de\/index.php?rest_route=%2Fwp%2Fv2%2Fmedia&parent=2441"}],"wp:term":[{"taxonomy":"category","embeddable":true,"href":"https:\/\/tsvwesslingen.de\/index.php?rest_route=%2Fwp%2Fv2%2Fcategories&post=2441"},{"taxonomy":"post_tag","embeddable":true,"href":"https:\/\/tsvwesslingen.de\/index.php?rest_route=%2Fwp%2Fv2%2Ftags&post=2441"}],"curies":[{"name":"wp","href":"https:\/\/api.w.org\/{rel}","templated":true}]}}