{"id":2777,"date":"2025-10-27T08:43:31","date_gmt":"2025-10-27T08:43:31","guid":{"rendered":"https:\/\/tsvwesslingen.de\/?p=2777"},"modified":"2025-10-27T08:44:33","modified_gmt":"2025-10-27T08:44:33","slug":"abteilung-freizeitsport","status":"publish","type":"post","link":"https:\/\/tsvwesslingen.de\/?p=2777","title":{"rendered":"Abteilung Freizeitsport"},"content":{"rendered":"\n<p>Einladung zur Abteilungsversammlun am Donnerstag 27. November 2025 ab 18.00 Uhr, im Nebenzimmer der Vereinshalle.<\/p>\n\n\n\n<p>Top 1 . Begr\u00fc\u00dfung und kleiner R\u00fcckblick \u00fcber die Entstehung und Entwicklung der Abteilung. Berichte der Spartenleiter.<\/p>\n\n\n\n<p>Top 2. Kassenbericht.<\/p>\n\n\n\n<p>Top 3. Entlastung per Akklamation des Vorstandes und Kassier.<\/p>\n\n\n\n<p>Top 4. Vorstellung der Kandidaten f\u00fcr die Abteilungsleitung, Abteilungsleiter, Stellvertreter\/ Beisitzer und Kassier.<\/p>\n\n\n\n<p>Top 5. Neuwahlen per Akklamation.<\/p>\n\n\n\n<p>Top 6. Die neu Gew\u00e4hlten haben das Wort.<\/p>\n\n\n\n<p>Gru\u00df Carlo<\/p>\n\n\n\n<p>Wir sollten, wegen der B\u00fcrgerversammlung, ab 19.00 Uhr, bis um 18.40 Uhr zu Ende kommen.<\/p>\n\n\n\n<p>Themen W\u00fcnsche, neue Kandidaten, usw., bitte bis zum 17.11. , per E-Mail an, kobusschmid@gmx.de.<\/p>\n\n\n\n<p>Kandidaten: Abteilungsleitung \u2013 Gerhard Braun-<\/p>\n\n\n\n<p>Stellvertreter\/in und Beisitzer\/in:<\/p>\n\n\n\n<p>Fit und aktiv \/ Skigymnastik, Waltraud Otto.<\/p>\n\n\n\n<p>Fit\/Gymnastik M\u00e4nner, Harald Kernst.<\/p>\n\n\n\n<p>Kassier: Thomas Mahler (Seit M\u00e4rz 2015).<\/p>\n","protected":false},"excerpt":{"rendered":"<p>Einladung zur Abteilungsversammlun am Donnerstag 27. November 2025 ab 18.00 Uhr, im Nebenzimmer der Vereinshalle. Top 1 . Begr\u00fc\u00dfung und kleiner R\u00fcckblick \u00fcber die Entstehung und Entwicklung der Abteilung. Berichte der Spartenleiter. Top 2. Kassenbericht. Top 3. Entlastung per Akklamation des Vorstandes und Kassier. Top 4. Vorstellung der Kandidaten f\u00fcr die Abteilungsleitung, Abteilungsleiter, Stellvertreter\/ Beisitzer [&hellip;]<\/p>\n","protected":false},"author":10,"featured_media":0,"comment_status":"closed","ping_status":"closed","sticky":false,"template":"","format":"standard","meta":{"footnotes":""},"categories":[4,12],"tags":[],"class_list":{"0":"post-2777","1":"post","2":"type-post","3":"status-publish","4":"format-standard","6":"category-aktuelles","7":"category-aa-hauptseite","8":"czr-hentry"},"_links":{"self":[{"href":"https:\/\/tsvwesslingen.de\/index.php?rest_route=\/wp\/v2\/posts\/2777","targetHints":{"allow":["GET"]}}],"collection":[{"href":"https:\/\/tsvwesslingen.de\/index.php?rest_route=\/wp\/v2\/posts"}],"about":[{"href":"https:\/\/tsvwesslingen.de\/index.php?rest_route=\/wp\/v2\/types\/post"}],"author":[{"embeddable":true,"href":"https:\/\/tsvwesslingen.de\/index.php?rest_route=\/wp\/v2\/users\/10"}],"replies":[{"embeddable":true,"href":"https:\/\/tsvwesslingen.de\/index.php?rest_route=%2Fwp%2Fv2%2Fcomments&post=2777"}],"version-history":[{"count":1,"href":"https:\/\/tsvwesslingen.de\/index.php?rest_route=\/wp\/v2\/posts\/2777\/revisions"}],"predecessor-version":[{"id":2778,"href":"https:\/\/tsvwesslingen.de\/index.php?rest_route=\/wp\/v2\/posts\/2777\/revisions\/2778"}],"wp:attachment":[{"href":"https:\/\/tsvwesslingen.de\/index.php?rest_route=%2Fwp%2Fv2%2Fmedia&parent=2777"}],"wp:term":[{"taxonomy":"category","embeddable":true,"href":"https:\/\/tsvwesslingen.de\/index.php?rest_route=%2Fwp%2Fv2%2Fcategories&post=2777"},{"taxonomy":"post_tag","embeddable":true,"href":"https:\/\/tsvwesslingen.de\/index.php?rest_route=%2Fwp%2Fv2%2Ftags&post=2777"}],"curies":[{"name":"wp","href":"https:\/\/api.w.org\/{rel}","templated":true}]}}